{"id":228,"date":"2023-01-01T21:45:14","date_gmt":"2023-01-01T20:45:14","guid":{"rendered":"https:\/\/www.insiemelombardia.it\/?p=228"},"modified":"2023-01-02T23:25:50","modified_gmt":"2023-01-02T22:25:50","slug":"eccoci-al-2023","status":"publish","type":"post","link":"https:\/\/www.insiemelombardia.it\/index.php\/2023\/01\/01\/eccoci-al-2023\/","title":{"rendered":"ECCOCI AL 2023"},"content":{"rendered":"\n<p>Buon anno! Gli auguri scambiati tra amici, conoscenti e parenti si sono susseguiti ormai da diverse ore. Tutti noi auspichiamo il meglio per le nostre vite, i nostri cari, la nostra Lombardia. In questo momento, in cui lo scorrere del tempo segna il passo, non possiamo per\u00f2 fermarci un momento e dedicare un pensiero al Papa Benedetto XVI che, sul finire dell&#8217;anno vecchio, ha terminato il suo cammino terreno.<\/p>\n\n\n\n<p><\/p>\n\n\n\n<p>Lo ricordiamo nella sua semplicit\u00e0 e sobriet\u00e0 traendo spunto dall&#8217;articolo che oggi Alberto Mattioli gli ha dedicato su <a rel=\"noreferrer noopener\" href=\"https:\/\/www.politicainsieme.com\/ratzinger-il-fulmine-gentile-per-la-chiesa-di-alberto-mattioli\/\" target=\"_blank\">www.politicainsieme.com<\/a>: l&#8217;autore ci rammenta come Ratzinger, nella celebre lectio magistralis all\u2019universit\u00e0 di Ratisbona del 2006, pronunci\u00f2 parole nette contro ogni forma di imposizione violenta di un credo religioso, e ci ricorda anche come pi\u00f9 di quarant&#8217;anni anni fa, immaginando la Chiesa che verr\u00e0, profetizz\u00f2 una Chiesa ridimensionata, con molti meno seguaci, costretta ad abbandonare anche buona parte dei luoghi di culto costruiti nei secoli. Una Chiesa cattolica di minoranza, poco influente nella scelte politiche, socialmente irrilevante, umiliata e costretta a ripartire dalle origini, che per\u00f2, proprio attraverso questo \u201cenorme sconvolgimento\u201d, ritrover\u00e0 s\u00e9 stessa.<\/p>\n\n\n\n<p><\/p>\n\n\n\n<p>Eccoci dunque al 2023, stiamo ormai vivendo il momento storico che Papa Benedetto XVI aveva predetto sarebbe giunto. Ci lascia comunque in eredit\u00e0 la consapevolezza che attraverso fede e ragione, insieme, \u00e8 possibile rinascere e contribuire alla realizzazione di un futuro migliore.<\/p>\n\n\n\n<p><\/p>\n\n\n\n<p class=\"has-text-align-center\">Condividi su:<\/p>\n\n\n\n<p><\/p>\n\n\n\n<ul class=\"wp-block-social-links is-style-pill-shape is-content-justification-center is-layout-flex wp-container-core-social-links-is-layout-16018d1d wp-block-social-links-is-layout-flex\"><li class=\"wp-social-link wp-social-link-facebook  wp-block-social-link\"><a rel=\"noopener nofollow\" target=\"_blank\" href=\"https:\/\/www.facebook.com\/sharer\/sharer.php?u=https:\/\/www.insiemelombardia.it\/index.php\/2023\/01\/01\/eccoci-al-2023\/\" class=\"wp-block-social-link-anchor\"><svg width=\"24\" height=\"24\" viewBox=\"0 0 24 24\" version=\"1.1\" xmlns=\"http:\/\/www.w3.org\/2000\/svg\" aria-hidden=\"true\" focusable=\"false\"><path d=\"M12 2C6.5 2 2 6.5 2 12c0 5 3.7 9.1 8.4 9.9v-7H7.9V12h2.5V9.8c0-2.5 1.5-3.9 3.8-3.9 1.1 0 2.2.2 2.2.2v2.5h-1.3c-1.2 0-1.6.8-1.6 1.6V12h2.8l-.4 2.9h-2.3v7C18.3 21.1 22 17 22 12c0-5.5-4.5-10-10-10z\"><\/path><\/svg><span class=\"wp-block-social-link-label screen-reader-text\">Facebook<\/span><\/a><\/li>\n\n<li class=\"wp-social-link wp-social-link-twitter  wp-block-social-link\"><a rel=\"noopener nofollow\" target=\"_blank\" href=\"https:\/\/twitter.com\/intent\/tweet?url=https:\/\/www.insiemelombardia.it\/index.php\/2023\/01\/01\/eccoci-al-2023\/&#038;text=\" class=\"wp-block-social-link-anchor\"><svg width=\"24\" height=\"24\" viewBox=\"0 0 24 24\" version=\"1.1\" xmlns=\"http:\/\/www.w3.org\/2000\/svg\" aria-hidden=\"true\" focusable=\"false\"><path d=\"M22.23,5.924c-0.736,0.326-1.527,0.547-2.357,0.646c0.847-0.508,1.498-1.312,1.804-2.27 c-0.793,0.47-1.671,0.812-2.606,0.996C18.324,4.498,17.257,4,16.077,4c-2.266,0-4.103,1.837-4.103,4.103 c0,0.322,0.036,0.635,0.106,0.935C8.67,8.867,5.647,7.234,3.623,4.751C3.27,5.357,3.067,6.062,3.067,6.814 c0,1.424,0.724,2.679,1.825,3.415c-0.673-0.021-1.305-0.206-1.859-0.513c0,0.017,0,0.034,0,0.052c0,1.988,1.414,3.647,3.292,4.023 c-0.344,0.094-0.707,0.144-1.081,0.144c-0.264,0-0.521-0.026-0.772-0.074c0.522,1.63,2.038,2.816,3.833,2.85 c-1.404,1.1-3.174,1.756-5.096,1.756c-0.331,0-0.658-0.019-0.979-0.057c1.816,1.164,3.973,1.843,6.29,1.843 c7.547,0,11.675-6.252,11.675-11.675c0-0.178-0.004-0.355-0.012-0.531C20.985,7.47,21.68,6.747,22.23,5.924z\"><\/path><\/svg><span class=\"wp-block-social-link-label screen-reader-text\">Twitter<\/span><\/a><\/li>\n\n<li class=\"wp-social-link wp-social-link-linkedin  wp-block-social-link\"><a rel=\"noopener nofollow\" target=\"_blank\" href=\"https:\/\/www.linkedin.com\/shareArticle?mini=true&#038;url=https:\/\/www.insiemelombardia.it\/index.php\/2023\/01\/01\/eccoci-al-2023\/\" class=\"wp-block-social-link-anchor\"><svg width=\"24\" height=\"24\" viewBox=\"0 0 24 24\" version=\"1.1\" xmlns=\"http:\/\/www.w3.org\/2000\/svg\" aria-hidden=\"true\" focusable=\"false\"><path d=\"M19.7,3H4.3C3.582,3,3,3.582,3,4.3v15.4C3,20.418,3.582,21,4.3,21h15.4c0.718,0,1.3-0.582,1.3-1.3V4.3 C21,3.582,20.418,3,19.7,3z M8.339,18.338H5.667v-8.59h2.672V18.338z M7.004,8.574c-0.857,0-1.549-0.694-1.549-1.548 c0-0.855,0.691-1.548,1.549-1.548c0.854,0,1.547,0.694,1.547,1.548C8.551,7.881,7.858,8.574,7.004,8.574z M18.339,18.338h-2.669 v-4.177c0-0.996-0.017-2.278-1.387-2.278c-1.389,0-1.601,1.086-1.601,2.206v4.249h-2.667v-8.59h2.559v1.174h0.037 c0.356-0.675,1.227-1.387,2.526-1.387c2.703,0,3.203,1.779,3.203,4.092V18.338z\"><\/path><\/svg><span class=\"wp-block-social-link-label screen-reader-text\">LinkedIn<\/span><\/a><\/li>\n\n<li class=\"wp-social-link wp-social-link-mail  wp-block-social-link\"><a rel=\"noopener nofollow\" target=\"_blank\" href=\"mailto:?&#038;subject=&#038;cc=&#038;bcc=&#038;body=https:\/\/www.insiemelombardia.it\/index.php\/2023\/01\/01\/eccoci-al-2023\/%0A\" class=\"wp-block-social-link-anchor\"><svg width=\"24\" height=\"24\" viewBox=\"0 0 24 24\" version=\"1.1\" xmlns=\"http:\/\/www.w3.org\/2000\/svg\" aria-hidden=\"true\" focusable=\"false\"><path d=\"M19,5H5c-1.1,0-2,.9-2,2v10c0,1.1.9,2,2,2h14c1.1,0,2-.9,2-2V7c0-1.1-.9-2-2-2zm.5,12c0,.3-.2.5-.5.5H5c-.3,0-.5-.2-.5-.5V9.8l7.5,5.6,7.5-5.6V17zm0-9.1L12,13.6,4.5,7.9V7c0-.3.2-.5.5-.5h14c.3,0,.5.2.5.5v.9z\"><\/path><\/svg><span class=\"wp-block-social-link-label screen-reader-text\">Email<\/span><\/a><\/li><\/ul>\n","protected":false},"excerpt":{"rendered":"<p>Buon anno! Tutti noi auspichiamo il meglio per le nostre vite, i nostri cari, la nostra Lombardia. In questo momento, in cui lo scorrere del tempo segna il passo, non possiamo per\u00f2 fermarci un momento e dedicare un pensiero al Papa Benedetto XVI che, sul finire dell&#8217;anno vecchio, ha terminato il suo cammino terreno.<\/p>\n","protected":false},"author":1,"featured_media":0,"comment_status":"closed","ping_status":"closed","sticky":false,"template":"","format":"standard","meta":{"_coblocks_attr":"","_coblocks_dimensions":"","_coblocks_responsive_height":"","_coblocks_accordion_ie_support":"","hide_page_title":"","footnotes":""},"categories":[8],"tags":[],"class_list":["post-228","post","type-post","status-publish","format-standard","hentry","category-approfondimenti"],"_links":{"self":[{"href":"https:\/\/www.insiemelombardia.it\/index.php\/wp-json\/wp\/v2\/posts\/228","targetHints":{"allow":["GET"]}}],"collection":[{"href":"https:\/\/www.insiemelombardia.it\/index.php\/wp-json\/wp\/v2\/posts"}],"about":[{"href":"https:\/\/www.insiemelombardia.it\/index.php\/wp-json\/wp\/v2\/types\/post"}],"author":[{"embeddable":true,"href":"https:\/\/www.insiemelombardia.it\/index.php\/wp-json\/wp\/v2\/users\/1"}],"replies":[{"embeddable":true,"href":"https:\/\/www.insiemelombardia.it\/index.php\/wp-json\/wp\/v2\/comments?post=228"}],"version-history":[{"count":9,"href":"https:\/\/www.insiemelombardia.it\/index.php\/wp-json\/wp\/v2\/posts\/228\/revisions"}],"predecessor-version":[{"id":285,"href":"https:\/\/www.insiemelombardia.it\/index.php\/wp-json\/wp\/v2\/posts\/228\/revisions\/285"}],"wp:attachment":[{"href":"https:\/\/www.insiemelombardia.it\/index.php\/wp-json\/wp\/v2\/media?parent=228"}],"wp:term":[{"taxonomy":"category","embeddable":true,"href":"https:\/\/www.insiemelombardia.it\/index.php\/wp-json\/wp\/v2\/categories?post=228"},{"taxonomy":"post_tag","embeddable":true,"href":"https:\/\/www.insiemelombardia.it\/index.php\/wp-json\/wp\/v2\/tags?post=228"}],"curies":[{"name":"wp","href":"https:\/\/api.w.org\/{rel}","templated":true}]}}